{"id":8594,"global_id":"ucie.ific.uv.es\/ucie?id=8594","global_id_lineage":["ucie.ific.uv.es\/ucie?id=8594"],"author":"6","status":"publish","date":"2024-06-05 09:11:24","date_utc":"2024-06-05 09:11:24","modified":"2024-06-05 09:11:24","modified_utc":"2024-06-05 09:11:24","url":"https:\/\/ucie.ific.uv.es\/ucie\/evento\/seminario-ucie-principios-y-claves-de-la-proteccion-del-software\/","rest_url":"https:\/\/ucie.ific.uv.es\/ucie\/wp-json\/tribe\/events\/v1\/events\/8594","title":"Seminario UCIE: Principios y claves de la protecci\u00f3n del software","description":"<p>Seminario organizado por la UCIE del IFIC en el que se abordar\u00e1n los principios de la protecci\u00f3n del software, as\u00ed como algunos de los aspectos clave a tener en cuenta para su licencia. El seminario ser\u00e1 impartido por Luis Garc\u00eda Garc\u00eda, Licenciado en Derecho y Diplomado en Ciencias Empresariales con m\u00e1s de 25 a\u00f1os de experiencia en el asesoramiento legal a actividades innovaci\u00f3n y creaci\u00f3n de nuevos productos y servicios del GRUPO TELEF\u00d3NICA, donde ha sido responsable legal de la plataforma global del v\u00eddeo y del \u00e1rea corporativa de Compras del Grupo. En 2022 inicia una nueva etapa como consultor independiente y en la actualidad colabora como abogado en el departamento legal del \u00c1rea de Personas y Servicios de IBERDROLA S.A. Es Profesor del m\u00f3dulo de \u201cContratos de transferencia de tecnolog\u00eda\u201d del Master en Propiedad Intelectual e Industrial, Competencia y Nuevas Tecnolog\u00edas del ISDE y ha sido ponente en diversos cursos relativos a derechos de propiedad intelectual e industrial en el marco de proyectos de los programas Horizonte 2020 y Horizonte Europa.<\/p>\n<p>Participa habitualmente en cursos destinados a investigadores y personal OTRI para fomentar la transferencia de resultados de investigaci\u00f3n y colabora como formadora en diferentes programas de emprendimiento como Argos o Explorer.<\/p>","excerpt":"","slug":"seminario-ucie-principios-y-claves-de-la-proteccion-del-software","image":{"url":"https:\/\/ucie.ific.uv.es\/ucie\/wp-uploads\/2024\/06\/Black-Green-Simple-Seminar-Event-Instagram-Post.png","id":8595,"extension":"png","width":1080,"height":1080,"filesize":494131,"sizes":{"medium":{"width":300,"height":300,"mime-type":"image\/png","filesize":64755,"url":"https:\/\/ucie.ific.uv.es\/ucie\/wp-uploads\/2024\/06\/Black-Green-Simple-Seminar-Event-Instagram-Post-300x300.png"},"large":{"width":1024,"height":1024,"mime-type":"image\/png","filesize":419454,"url":"https:\/\/ucie.ific.uv.es\/ucie\/wp-uploads\/2024\/06\/Black-Green-Simple-Seminar-Event-Instagram-Post-1024x1024.png"},"thumbnail":{"width":150,"height":150,"mime-type":"image\/png","filesize":21494,"url":"https:\/\/ucie.ific.uv.es\/ucie\/wp-uploads\/2024\/06\/Black-Green-Simple-Seminar-Event-Instagram-Post-150x150.png"},"medium_large":{"width":768,"height":768,"mime-type":"image\/png","filesize":268780,"url":"https:\/\/ucie.ific.uv.es\/ucie\/wp-uploads\/2024\/06\/Black-Green-Simple-Seminar-Event-Instagram-Post-768x768.png"},"Image Size 500x500":{"width":500,"height":500,"mime-type":"image\/png","filesize":139875,"url":"https:\/\/ucie.ific.uv.es\/ucie\/wp-uploads\/2024\/06\/Black-Green-Simple-Seminar-Event-Instagram-Post-500x500.png"}}},"all_day":false,"start_date":"2024-07-12 10:00:00","start_date_details":{"year":"2024","month":"07","day":"12","hour":"10","minutes":"00","seconds":"00"},"end_date":"2024-07-12 12:00:00","end_date_details":{"year":"2024","month":"07","day":"12","hour":"12","minutes":"00","seconds":"00"},"utc_start_date":"2024-07-12 10:00:00","utc_start_date_details":{"year":"2024","month":"07","day":"12","hour":"10","minutes":"00","seconds":"00"},"utc_end_date":"2024-07-12 12:00:00","utc_end_date_details":{"year":"2024","month":"07","day":"12","hour":"12","minutes":"00","seconds":"00"},"timezone":"UTC+0","timezone_abbr":"UTC+0","cost":"","cost_details":{"currency_symbol":"","currency_code":"","currency_position":"prefix","values":[]},"website":"https:\/\/indico.ific.uv.es\/event\/7642\/","show_map":true,"show_map_link":true,"hide_from_listings":false,"sticky":false,"featured":false,"categories":[{"name":"Seminario","slug":"seminario","term_group":0,"term_taxonomy_id":234,"taxonomy":"tribe_events_cat","description":"","parent":0,"count":4,"filter":"raw","id":234,"urls":{"self":"https:\/\/ucie.ific.uv.es\/ucie\/wp-json\/tribe\/events\/v1\/categories\/234","collection":"https:\/\/ucie.ific.uv.es\/ucie\/wp-json\/tribe\/events\/v1\/categories"}}],"tags":[],"venue":{"id":8596,"author":"6","status":"publish","date":"2024-06-05 09:10:36","date_utc":"0000-00-00 00:00:00","modified":"2024-06-05 09:10:36","modified_utc":"0000-00-00 00:00:00","url":"https:\/\/ucie.ific.uv.es\/ucie\/venue\/instituto-de-fisica-corpuscular-sala-de-audiovisuales\/","venue":"Instituto de Fisica Corpuscular &#8211; Sala de Audiovisuales","slug":"instituto-de-fisica-corpuscular-sala-de-audiovisuales","address":": Carrer del Catedr\u00e1tic Jos\u00e9 Beltr\u00e1n Martinez, 2","city":"Paterna","country":"Espa\u00f1a","province":"Valencia","zip":"46980","website":"https:\/\/webific.ific.uv.es\/web\/","stateprovince":"Valencia","json_ld":{"@type":"Place","name":"Instituto de Fisica Corpuscular &#8211; Sala de Audiovisuales","description":"","url":"","address":{"@type":"PostalAddress","streetAddress":": Carrer del Catedr\u00e1tic Jos\u00e9 Beltr\u00e1n Martinez, 2","addressLocality":"Paterna","addressRegion":"Valencia","postalCode":"46980","addressCountry":"Espa\u00f1a"},"telephone":"","sameAs":"https:\/\/webific.ific.uv.es\/web\/"},"show_map":true,"show_map_link":true,"global_id":"ucie.ific.uv.es\/ucie?id=8596","global_id_lineage":["ucie.ific.uv.es\/ucie?id=8596"]},"organizer":[{"id":5225,"author":"4","status":"publish","date":"2021-06-29 07:55:47","date_utc":"2021-06-29 07:55:47","modified":"2021-06-29 07:55:47","modified_utc":"2021-06-29 07:55:47","url":"https:\/\/ucie.ific.uv.es\/ucie\/organizer\/ific-ucie\/","organizer":"IFIC &#8211; UCIE","slug":"ific-ucie","website":"https:\/\/ucie.ific.uv.es\/ucie\/es\/","json_ld":{"@type":"Person","name":"IFIC &#8211; UCIE","description":"","url":"https:\/\/ucie.ific.uv.es\/ucie\/es\/","telephone":"","email":"","sameAs":"https:\/\/ucie.ific.uv.es\/ucie\/es\/"},"global_id":"ucie.ific.uv.es\/ucie?id=5225","global_id_lineage":["ucie.ific.uv.es\/ucie?id=5225"]}],"json_ld":{"@context":"http:\/\/schema.org","@type":"Event","name":"Seminario UCIE: Principios y claves de la protecci\u00f3n del software","description":"&lt;p&gt;Seminario organizado por la UCIE del IFIC en el que se abordar\u00e1n los principios de la protecci\u00f3n del software, as\u00ed como algunos de los aspectos clave a tener en cuenta [&hellip;]&lt;\/p&gt;\\n","image":"https:\/\/ucie.ific.uv.es\/ucie\/wp-uploads\/2024\/06\/Black-Green-Simple-Seminar-Event-Instagram-Post.png","url":"https:\/\/ucie.ific.uv.es\/ucie\/evento\/seminario-ucie-principios-y-claves-de-la-proteccion-del-software\/","eventAttendanceMode":"https:\/\/schema.org\/OfflineEventAttendanceMode","eventStatus":"https:\/\/schema.org\/EventScheduled","startDate":"2024-07-12T10:00:00+00:00","endDate":"2024-07-12T12:00:00+00:00","location":{"@type":"Place","name":"Instituto de Fisica Corpuscular &#8211; Sala de Audiovisuales","description":"","url":"","address":{"@type":"PostalAddress","streetAddress":": Carrer del Catedr\u00e1tic Jos\u00e9 Beltr\u00e1n Martinez, 2","addressLocality":"Paterna","addressRegion":"Valencia","postalCode":"46980","addressCountry":"Espa\u00f1a"},"telephone":"","sameAs":"https:\/\/webific.ific.uv.es\/web\/"},"organizer":{"@type":"Person","name":"IFIC &#8211; UCIE","description":"","url":"https:\/\/ucie.ific.uv.es\/ucie\/es\/","telephone":"","email":"","sameAs":"https:\/\/ucie.ific.uv.es\/ucie\/es\/"},"performer":"Organization"}}