{"id":8705,"global_id":"ucie.ific.uv.es\/ucie?id=8705","global_id_lineage":["ucie.ific.uv.es\/ucie?id=8705"],"author":"6","status":"publish","date":"2024-10-15 10:53:33","date_utc":"2024-10-15 10:53:33","modified":"2024-10-15 10:53:33","modified_utc":"2024-10-15 10:53:33","url":"https:\/\/ucie.ific.uv.es\/ucie\/evento\/jornada-anual-de-promocion-del-programa-marco-europeo-de-idi\/","rest_url":"https:\/\/ucie.ific.uv.es\/ucie\/wp-json\/tribe\/events\/v1\/events\/8705","title":"Jornada Anual de Promoci\u00f3n del Programa Marco Europeo de I+D+I","description":"<p>La Secci\u00f3n de I+D+I Internacional del Servicio de Transferencia e Innovaci\u00f3n organiza su jornada anual de promoci\u00f3n del programa marco europeo de investigaci\u00f3n e innovaci\u00f3n, Horizonte Europa, que se celebrar\u00e1 el mi\u00e9rcoles 23 de octubre de 2024 de 9 a 14 h. en el Sal\u00f3n de Actos (3er piso) del Edificio de Rectorado de la Universitat de Val\u00e8ncia. La jornada se centrar\u00e1 en el Pilar II del programa \u201cRetos Globales\u201d, con una atenci\u00f3n especial a las Misiones y Partenariados de Horizonte Europa (2021-2027).<\/p>","excerpt":"","slug":"jornada-anual-de-promocion-del-programa-marco-europeo-de-idi","image":{"url":"https:\/\/ucie.ific.uv.es\/ucie\/wp-uploads\/2024\/10\/Horizon_Europe.jpg","id":8706,"extension":"jpg","width":860,"height":603,"filesize":114016,"sizes":{"medium":{"width":300,"height":210,"mime-type":"image\/jpeg","filesize":11355,"url":"https:\/\/ucie.ific.uv.es\/ucie\/wp-uploads\/2024\/10\/Horizon_Europe-300x210.jpg"},"thumbnail":{"width":150,"height":150,"mime-type":"image\/jpeg","filesize":5197,"url":"https:\/\/ucie.ific.uv.es\/ucie\/wp-uploads\/2024\/10\/Horizon_Europe-150x150.jpg"},"medium_large":{"width":768,"height":538,"mime-type":"image\/jpeg","filesize":45553,"url":"https:\/\/ucie.ific.uv.es\/ucie\/wp-uploads\/2024\/10\/Horizon_Europe-768x538.jpg"},"Image Size 500x500":{"width":500,"height":500,"mime-type":"image\/jpeg","filesize":31628,"url":"https:\/\/ucie.ific.uv.es\/ucie\/wp-uploads\/2024\/10\/Horizon_Europe-500x500.jpg"}}},"all_day":false,"start_date":"2024-10-23 09:00:00","start_date_details":{"year":"2024","month":"10","day":"23","hour":"09","minutes":"00","seconds":"00"},"end_date":"2024-10-23 14:00:00","end_date_details":{"year":"2024","month":"10","day":"23","hour":"14","minutes":"00","seconds":"00"},"utc_start_date":"2024-10-23 09:00:00","utc_start_date_details":{"year":"2024","month":"10","day":"23","hour":"09","minutes":"00","seconds":"00"},"utc_end_date":"2024-10-23 14:00:00","utc_end_date_details":{"year":"2024","month":"10","day":"23","hour":"14","minutes":"00","seconds":"00"},"timezone":"UTC+0","timezone_abbr":"UTC+0","cost":"","cost_details":{"currency_symbol":"","currency_code":"","currency_position":"prefix","values":[]},"website":"https:\/\/www.uv.es\/uvweb\/servicio-investigacion\/es\/noticias\/jornada-anual-promocion-del-programa-marco-europeo-i-1285923509830\/Novetat.html?id=1286401298577","show_map":true,"show_map_link":true,"hide_from_listings":false,"sticky":false,"featured":false,"categories":[{"name":"Seminario","slug":"seminario","term_group":0,"term_taxonomy_id":234,"taxonomy":"tribe_events_cat","description":"","parent":0,"count":4,"filter":"raw","id":234,"urls":{"self":"https:\/\/ucie.ific.uv.es\/ucie\/wp-json\/tribe\/events\/v1\/categories\/234","collection":"https:\/\/ucie.ific.uv.es\/ucie\/wp-json\/tribe\/events\/v1\/categories"}}],"tags":[],"venue":{"id":7417,"author":"4","status":"publish","date":"2022-09-07 10:47:12","date_utc":"2022-09-07 10:47:12","modified":"2023-05-25 14:10:53","modified_utc":"2023-05-25 14:10:53","url":"https:\/\/ucie.ific.uv.es\/ucie\/venue\/rectorat-de-la-universitat-de-valencia\/","venue":"Rectorat de la Universitat de Val\u00e8ncia","slug":"rectorat-de-la-universitat-de-valencia","address":"Av. de Blasco Ib\u00e1\u00f1ez, 13","city":"Valencia","country":"Espa\u00f1a","province":"Valencia","zip":"46010","stateprovince":"Valencia","json_ld":{"@type":"Place","name":"Rectorat de la Universitat de Val\u00e8ncia","description":"","url":"","address":{"@type":"PostalAddress","streetAddress":"Av. de Blasco Ib\u00e1\u00f1ez, 13","addressLocality":"Valencia","addressRegion":"Valencia","postalCode":"46010","addressCountry":"Espa\u00f1a"},"telephone":"","sameAs":""},"show_map":true,"show_map_link":true,"global_id":"ucie.ific.uv.es\/ucie?id=7417","global_id_lineage":["ucie.ific.uv.es\/ucie?id=7417"]},"organizer":[{"id":7570,"author":"6","status":"draft","date":"2022-10-14 11:04:15","date_utc":"0000-00-00 00:00:00","modified":"2022-10-14 11:04:15","modified_utc":"0000-00-00 00:00:00","url":"https:\/\/ucie.ific.uv.es\/ucie\/?post_type=tribe_organizer&p=7570","organizer":"UV","slug":"uv","website":"https:\/\/www.uv.es\/","global_id":"ucie.ific.uv.es\/ucie?id=7570","global_id_lineage":["ucie.ific.uv.es\/ucie?id=7570"]}],"json_ld":{"@context":"http:\/\/schema.org","@type":"Event","name":"Jornada Anual de Promoci\u00f3n del Programa Marco Europeo de I+D+I","description":"&lt;p&gt;La Secci\u00f3n de I+D+I Internacional del Servicio de Transferencia e Innovaci\u00f3n organiza su jornada anual de promoci\u00f3n del programa marco europeo de investigaci\u00f3n e innovaci\u00f3n, Horizonte Europa, que se celebrar\u00e1 [&hellip;]&lt;\/p&gt;\\n","image":"https:\/\/ucie.ific.uv.es\/ucie\/wp-uploads\/2024\/10\/Horizon_Europe.jpg","url":"https:\/\/ucie.ific.uv.es\/ucie\/evento\/jornada-anual-de-promocion-del-programa-marco-europeo-de-idi\/","eventAttendanceMode":"https:\/\/schema.org\/OfflineEventAttendanceMode","eventStatus":"https:\/\/schema.org\/EventScheduled","startDate":"2024-10-23T09:00:00+00:00","endDate":"2024-10-23T14:00:00+00:00","location":{"@type":"Place","name":"Rectorat de la Universitat de Val\u00e8ncia","description":"","url":"","address":{"@type":"PostalAddress","streetAddress":"Av. de Blasco Ib\u00e1\u00f1ez, 13","addressLocality":"Valencia","addressRegion":"Valencia","postalCode":"46010","addressCountry":"Espa\u00f1a"},"telephone":"","sameAs":""},"organizer":false,"performer":"Organization"}}