{"id":8708,"global_id":"ucie.ific.uv.es\/ucie?id=8708","global_id_lineage":["ucie.ific.uv.es\/ucie?id=8708"],"author":"6","status":"publish","date":"2024-10-16 08:06:48","date_utc":"2024-10-16 08:06:48","modified":"2024-12-23 15:09:36","modified_utc":"2024-12-23 15:09:36","url":"https:\/\/ucie.ific.uv.es\/ucie\/evento\/cvi-health-day\/","rest_url":"https:\/\/ucie.ific.uv.es\/ucie\/wp-json\/tribe\/events\/v1\/events\/8708","title":"CV+i Health Day","description":"<p>Un encuentro que concentrar\u00e1 a los <strong>principales agentes del ecosistema regional<\/strong>, en una apuesta dirigida a facilitar su conexi\u00f3n y a acelerar la innovaci\u00f3n. Hablaremos de medicina personalizada, diagn\u00f3stico, terapias avanzadas, TIC salud, producto sanitario, microbioma, y mucho m\u00e1s\u2026<\/p>","excerpt":"","slug":"cvi-health-day","image":{"url":"https:\/\/ucie.ific.uv.es\/ucie\/wp-uploads\/2024\/10\/Captura-desde-2024-12-23-16-07-43.png","id":8764,"extension":"png","width":1081,"height":666,"filesize":1677093,"sizes":{"medium":{"width":300,"height":185,"mime-type":"image\/png","filesize":128063,"url":"https:\/\/ucie.ific.uv.es\/ucie\/wp-uploads\/2024\/10\/Captura-desde-2024-12-23-16-07-43-300x185.png"},"large":{"width":1024,"height":631,"mime-type":"image\/png","filesize":1404081,"url":"https:\/\/ucie.ific.uv.es\/ucie\/wp-uploads\/2024\/10\/Captura-desde-2024-12-23-16-07-43-1024x631.png"},"thumbnail":{"width":150,"height":150,"mime-type":"image\/png","filesize":52059,"url":"https:\/\/ucie.ific.uv.es\/ucie\/wp-uploads\/2024\/10\/Captura-desde-2024-12-23-16-07-43-150x150.png"},"medium_large":{"width":768,"height":473,"mime-type":"image\/png","filesize":814945,"url":"https:\/\/ucie.ific.uv.es\/ucie\/wp-uploads\/2024\/10\/Captura-desde-2024-12-23-16-07-43-768x473.png"},"Image Size 500x500":{"width":500,"height":500,"mime-type":"image\/png","filesize":535680,"url":"https:\/\/ucie.ific.uv.es\/ucie\/wp-uploads\/2024\/10\/Captura-desde-2024-12-23-16-07-43-500x500.png"}}},"all_day":false,"start_date":"2025-02-11 09:00:00","start_date_details":{"year":"2025","month":"02","day":"11","hour":"09","minutes":"00","seconds":"00"},"end_date":"2025-02-11 17:00:00","end_date_details":{"year":"2025","month":"02","day":"11","hour":"17","minutes":"00","seconds":"00"},"utc_start_date":"2025-02-11 09:00:00","utc_start_date_details":{"year":"2025","month":"02","day":"11","hour":"09","minutes":"00","seconds":"00"},"utc_end_date":"2025-02-11 17:00:00","utc_end_date_details":{"year":"2025","month":"02","day":"11","hour":"17","minutes":"00","seconds":"00"},"timezone":"UTC+0","timezone_abbr":"UTC+0","cost":"","cost_details":{"currency_symbol":"","currency_code":"","currency_position":"prefix","values":[]},"website":"https:\/\/cvi-comunitatvalenciana.com\/health-day","show_map":true,"show_map_link":true,"hide_from_listings":false,"sticky":false,"featured":false,"categories":[{"name":"Jornadas","slug":"jornadas","term_group":0,"term_taxonomy_id":23,"taxonomy":"tribe_events_cat","description":"","parent":0,"count":80,"filter":"raw","id":23,"urls":{"self":"https:\/\/ucie.ific.uv.es\/ucie\/wp-json\/tribe\/events\/v1\/categories\/23","collection":"https:\/\/ucie.ific.uv.es\/ucie\/wp-json\/tribe\/events\/v1\/categories"}}],"tags":[],"venue":{"id":7548,"author":"6","status":"publish","date":"2022-10-13 14:00:45","date_utc":"2022-10-13 14:00:45","modified":"2022-10-13 14:00:45","modified_utc":"2022-10-13 14:00:45","url":"https:\/\/ucie.ific.uv.es\/ucie\/venue\/biohub-vlc-travessia-s-n-15-e-base-5-46024-valencia\/","venue":"BIOHUB VLC  Travessia s\/n 15 E Base 5, 46024 Val\u00e8ncia","slug":"biohub-vlc-travessia-s-n-15-e-base-5-46024-valencia","address":"Travessia s\/n 15 E Base 5","city":"Valencia","country":"Espa\u00f1a","province":"Valencia","zip":"46024","stateprovince":"Valencia","json_ld":{"@type":"Place","name":"BIOHUB VLC  Travessia s\/n 15 E Base 5, 46024 Val\u00e8ncia","description":"","url":"","address":{"@type":"PostalAddress","streetAddress":"Travessia s\/n 15 E Base 5","addressLocality":"Valencia","addressRegion":"Valencia","postalCode":"46024","addressCountry":"Espa\u00f1a"},"telephone":"","sameAs":""},"show_map":true,"show_map_link":true,"global_id":"ucie.ific.uv.es\/ucie?id=7548","global_id_lineage":["ucie.ific.uv.es\/ucie?id=7548"]},"organizer":[{"id":8710,"author":"6","status":"publish","date":"2024-10-16 08:06:49","date_utc":"2024-10-16 08:06:49","modified":"2024-10-16 08:06:49","modified_utc":"2024-10-16 08:06:49","url":"https:\/\/ucie.ific.uv.es\/ucie\/organizer\/cvi\/","organizer":"CV+i","slug":"cvi","website":"https:\/\/cvi-comunitatvalenciana.com\/","json_ld":{"@type":"Person","name":"CV+i","description":"","url":"https:\/\/cvi-comunitatvalenciana.com\/","telephone":"","email":"","sameAs":"https:\/\/cvi-comunitatvalenciana.com\/"},"global_id":"ucie.ific.uv.es\/ucie?id=8710","global_id_lineage":["ucie.ific.uv.es\/ucie?id=8710"]}],"json_ld":{"@context":"http:\/\/schema.org","@type":"Event","name":"CV+i Health Day","description":"&lt;p&gt;Un encuentro que concentrar\u00e1 a los principales agentes del ecosistema regional, en una apuesta dirigida a facilitar su conexi\u00f3n y a acelerar la innovaci\u00f3n. Hablaremos de medicina personalizada, diagn\u00f3stico, terapias [&hellip;]&lt;\/p&gt;\\n","image":"https:\/\/ucie.ific.uv.es\/ucie\/wp-uploads\/2024\/10\/Captura-desde-2024-12-23-16-07-43.png","url":"https:\/\/ucie.ific.uv.es\/ucie\/evento\/cvi-health-day\/","eventAttendanceMode":"https:\/\/schema.org\/OfflineEventAttendanceMode","eventStatus":"https:\/\/schema.org\/EventScheduled","startDate":"2025-02-11T09:00:00+00:00","endDate":"2025-02-11T17:00:00+00:00","location":{"@type":"Place","name":"BIOHUB VLC  Travessia s\/n 15 E Base 5, 46024 Val\u00e8ncia","description":"","url":"","address":{"@type":"PostalAddress","streetAddress":"Travessia s\/n 15 E Base 5","addressLocality":"Valencia","addressRegion":"Valencia","postalCode":"46024","addressCountry":"Espa\u00f1a"},"telephone":"","sameAs":""},"organizer":{"@type":"Person","name":"CV+i","description":"","url":"https:\/\/cvi-comunitatvalenciana.com\/","telephone":"","email":"","sameAs":"https:\/\/cvi-comunitatvalenciana.com\/"},"performer":"Organization"}}