{"id":6427,"date":"2021-12-06T10:30:51","date_gmt":"2021-12-06T10:30:51","guid":{"rendered":"https:\/\/ucie.ific.uv.es\/ucie\/?p=6427"},"modified":"2022-01-03T10:34:58","modified_gmt":"2022-01-03T10:34:58","slug":"la-universitat-de-valencia-reune-a-sus-agentes-de-innovacion","status":"publish","type":"post","link":"https:\/\/ucie.ific.uv.es\/ucie\/es\/la-universitat-de-valencia-reune-a-sus-agentes-de-innovacion\/","title":{"rendered":"La Universitat de Val\u00e8ncia re\u00fane a sus agentes de innovaci\u00f3n."},"content":{"rendered":"<p>Como instrumento dinamizador de la innovaci\u00f3n en la Comunidad Valenciana, la Agencia Valenciana de Innovaci\u00f3n (AVI), apoya la figura de agente de innovaci\u00f3n en las sedes de las entidades del Sistema de Innovaci\u00f3n Valenciano. La misi\u00f3n del agente de innovaci\u00f3n es la valorizaci\u00f3n y transferencia de resultados de investigaci\u00f3n a las empresas, mejorando por tanto el modelo productivo a la vez que persigue un crecimiento econ\u00f3mico inteligente, sostenible y cohesionado socialmente. El objetivo estrat\u00e9gico que se persigue es fomentar la conexi\u00f3n de los entornos cient\u00edfico, tecnol\u00f3gico y empresarial de la Comunitat Valenciana.<\/p>\n<p>En este marco, alineado con el Plan Estrat\u00e9gico de la Universitat, la Vicegerencia de Investigaci\u00f3n, Transferencia e Innovaci\u00f3n y los Servicios de Transferencia e Innovaci\u00f3n y Gesti\u00f3n de la Investigaci\u00f3n promueven una reuni\u00f3n con los agentes de innovaci\u00f3n de la Universitat de Val\u00e8ncia para establecer un marco colaborativo y coordinado que maximice la eficacia y la consecuci\u00f3n de los objetivos que tienen atribuidos. La reuni\u00f3n se celebr\u00f3 el pasado 3 de diciembre en el Rectorado de la UV, en la que se expuso la finalidad de este Plan de actuaci\u00f3n. En las reuniones de trabajo programadas cuatrimestralmente se coordinar\u00e1 la implementaci\u00f3n de nuevas estrategias innovadoras y se evaluar\u00e1 el progreso de los objetivos propuestos.<\/p>\n<p>&nbsp;<\/p>\n<p>&nbsp;<\/p>\n<p>&nbsp;<\/p>\n<p>&nbsp;<\/p>\n<p>Fuente: https:\/\/www.uv.es\/uvweb\/servicio-investigacion\/es\/novedades\/jornada-agentes-innovacion-universitat-valencia-1285923509830\/Novetat.html?id=1286232123009<\/p>\n","protected":false},"excerpt":{"rendered":"<p>La reuni\u00f3n se celebr\u00f3 el pasado 3 de diciembre en el Rectorado de la UV, en la que se expuso la finalidad de este Plan de actuaci\u00f3n. En las reuniones de trabajo programadas cuatrimestralmente se coordinar\u00e1 la implementaci\u00f3n de nuevas estrategias innovadoras y se evaluar\u00e1 el progreso de los objetivos propuestos.<\/p>\n","protected":false},"author":4,"featured_media":6425,"comment_status":"open","ping_status":"open","sticky":false,"template":"","format":"standard","meta":{"_monsterinsights_skip_tracking":false,"_monsterinsights_sitenote_active":false,"_monsterinsights_sitenote_note":"","_monsterinsights_sitenote_category":0,"footnotes":""},"categories":[25,42,29],"tags":[],"acf":[],"_links":{"self":[{"href":"https:\/\/ucie.ific.uv.es\/ucie\/wp-json\/wp\/v2\/posts\/6427"}],"collection":[{"href":"https:\/\/ucie.ific.uv.es\/ucie\/wp-json\/wp\/v2\/posts"}],"about":[{"href":"https:\/\/ucie.ific.uv.es\/ucie\/wp-json\/wp\/v2\/types\/post"}],"author":[{"embeddable":true,"href":"https:\/\/ucie.ific.uv.es\/ucie\/wp-json\/wp\/v2\/users\/4"}],"replies":[{"embeddable":true,"href":"https:\/\/ucie.ific.uv.es\/ucie\/wp-json\/wp\/v2\/comments?post=6427"}],"version-history":[{"count":3,"href":"https:\/\/ucie.ific.uv.es\/ucie\/wp-json\/wp\/v2\/posts\/6427\/revisions"}],"predecessor-version":[{"id":6435,"href":"https:\/\/ucie.ific.uv.es\/ucie\/wp-json\/wp\/v2\/posts\/6427\/revisions\/6435"}],"wp:featuredmedia":[{"embeddable":true,"href":"https:\/\/ucie.ific.uv.es\/ucie\/wp-json\/wp\/v2\/media\/6425"}],"wp:attachment":[{"href":"https:\/\/ucie.ific.uv.es\/ucie\/wp-json\/wp\/v2\/media?parent=6427"}],"wp:term":[{"taxonomy":"category","embeddable":true,"href":"https:\/\/ucie.ific.uv.es\/ucie\/wp-json\/wp\/v2\/categories?post=6427"},{"taxonomy":"post_tag","embeddable":true,"href":"https:\/\/ucie.ific.uv.es\/ucie\/wp-json\/wp\/v2\/tags?post=6427"}],"curies":[{"name":"wp","href":"https:\/\/api.w.org\/{rel}","templated":true}]}}