{"id":6442,"date":"2021-12-16T10:38:38","date_gmt":"2021-12-16T10:38:38","guid":{"rendered":"https:\/\/ucie.ific.uv.es\/ucie\/?p=6442"},"modified":"2022-01-03T10:44:23","modified_gmt":"2022-01-03T10:44:23","slug":"el-csic-y-el-sector-empresarial-buscan-sinergias-a-traves-de-la-inteligencia-artificial-3","status":"publish","type":"post","link":"https:\/\/ucie.ific.uv.es\/ucie\/va\/el-csic-y-el-sector-empresarial-buscan-sinergias-a-traves-de-la-inteligencia-artificial-3\/","title":{"rendered":"El CSIC y el sector empresarial buscan sinergias a trav\u00e9s de la Inteligencia Artificial"},"content":{"rendered":"<p>La UCIE del IFIC particip\u00f3 en la presentaci\u00f3n en Val\u00e8ncia de la red AIHUB, que re\u00fane a 70 grupos de investigaci\u00f3n del CSIC en Inteligencia Artificial para colaborar en I+D, formaci\u00f3n y transferencia a la sociedad y la empresa.<\/p>\n<p>La sede de la Fundaci\u00f3n Universidad-Empresa de Valencia (ADEIT) acoge hoy un encuentro entre la red AIHUB, iniciativa que aglutina la investigaci\u00f3n en Inteligencia Artificial del principal organismo p\u00fablico de investigaci\u00f3n de Espa\u00f1a, el Consejo Superior de Investigaciones Cient\u00edficas (CSIC), y el sector empresarial.\u00a0En\u00a0el encuentro Conexi\u00f3n AIHUB-Industria\u00a0se han mostrado\u00a0por un lado algunos de los retos relacionados con la Inteligencia Artificial (IA) del mundo de la empresa, agrupados en los sectores de Agroalimentaci\u00f3n, Seguridad, Industria 4.0, Salud y Cuidados, Movilidad, Educaci\u00f3n y \u00c9tica e Industrias Creativas, y por otro los principales resultados de la I+D en este \u00e1mbito de la computaci\u00f3n obtenidos por los grupos del CSIC, con aplicaciones en dichos sectores.<\/p>\n<p>Bajo el tel\u00f3n de fondo de los objetivos de desarrollo sostenible de las Naciones Unidas, la misi\u00f3n de este evento ha sido\u00a0<strong>aportar soluciones basadas en IA a retos industriales<\/strong>, satisfacer las necesidades y fomentar la colaboraci\u00f3n entre la empresa y los centros del CSIC.<\/p>\n<p>El encuentro \u201cConexi\u00f3n AIHUB &#8211; Industria\u201d ha contado con un primer espacio dedicado a la\u00a0<strong>presentaci\u00f3n de los retos sectoriales<\/strong>\u00a0por parte de empresas pioneras en la incorporaci\u00f3n de tecnolog\u00edas de IA a su sector; y un segundo en el que se\u00a0<strong>desarrollaron los ocho retos recogidos en el Libro Blanco del CSIC<\/strong>\u00a0sobre Inteligencia Artificial, Rob\u00f3tica y Ciencia de Datos.\u00a0Adem\u00e1s, hubo un espacio de debate entre grupos de empresas e investigadores al final de la sesi\u00f3n.<\/p>\n<p>La Inteligencia Artificial, la rob\u00f3tica y la ciencia de datos forman parte de nuestro d\u00eda a d\u00eda, y han cambiado nuestras estructuras de trabajo, relaciones y h\u00e1bitos de aprendizaje. La Conexi\u00f3n-CSIC AIHUB aglutina a unos 70 grupos de investigaci\u00f3n del CSIC alrededor de estas \u00e1reas. Su misi\u00f3n es apoyar al personal investigador del CSIC dedicado a la IA para colaborar en actividades de investigaci\u00f3n, formaci\u00f3n, transferencia y comunicaci\u00f3n fomentando la conexi\u00f3n de estos grupos entre s\u00ed, as\u00ed como con la sociedad y con la empresa.<\/p>\n<p>\u201cLa red AIHUB de grupos de investigaci\u00f3n en Inteligencia Artificial busca establecer mayores interacciones de los miembros del CSIC y de la propia instituci\u00f3n con otros agentes de la industria y la sociedad para el abordaje integral de las necesidades tecnol\u00f3gicas y \u00e9ticas de una sociedad digital\u201d, explica Carles Sierra, investigador del\u00a0Instituto de Investigaci\u00f3n en Inteligencia Artificial\u00a0(IIIA-CSIC) y coordinador de la Conexi\u00f3n-CSIC AIHUB.<\/p>\n<p>El encuentro que se celebra hoy en Val\u00e8ncia es una de las actividades propuestas para establecer relaciones entre los grupos AIHUB y representantes de la empresa. \u201cEl objetivo es exponer los retos existentes en diferentes sectores econ\u00f3micos y sociales y debatir sobre c\u00f3mo se podr\u00edan beneficiar de la aplicaci\u00f3n de los resultados actuales de la investigaci\u00f3n en Inteligencia Artificial, o si sus soluciones requieren de una investigaci\u00f3n conjunta entre la empresa y cient\u00edficos del \u00e1rea de la Inteligencia Artificial\u201d, asegura Arantza Oyanguren, investigadora del\u00a0Instituto de F\u00edsica Corpuscular\u00a0(IFIC, CSIC-UV) y miembro del comit\u00e9 ejecutivo de la Conexi\u00f3n-CSIC AIHUB.<\/p>\n<p>Al acto inaugural, adem\u00e1s de Carles Sierra y Arantza Oyanguren, han asistido Nuria Rius, directora del IFIC; Vicent Botti, director general de la Escuela Valenciana de Postgrado y Red en Inteligencia Artificial (valgrAI)\u00a0y ha sido presidido por Andr\u00e9s Garc\u00eda Reche, vicepresidente ejecutivo de la AVI. Posteriormente, la ma\u00f1ana ha estado dedicada a la presentaci\u00f3n de los retos sectoriales por parte de representantes del mundo de la empresa agrupados en los sectores de Agroalimentaci\u00f3n, Seguridad, Industria 4.0, Salud y Cuidados, Movilidad, Educaci\u00f3n y \u00c9tica e Industrias Creativas.<\/p>\n<p>Por la tarde se presentan los retos en Inteligencia Artificial, rob\u00f3tica y ciencia de datos que ha identificado el CSIC en uno de sus\u00a0Libros Blancos, que recogen los desaf\u00edos cient\u00edficos de la pr\u00f3xima d\u00e9cada para el mayor organismo p\u00fablico de investigaci\u00f3n de Espa\u00f1a. Estos retos son: Conocimiento, Razonamiento y Aprendizaje; Sistemas Multiagentes; Aprendizaje Autom\u00e1tico y Ciencia de Datos; Rob\u00f3tica Inteligente; Modelos Cognitivos; \u00c9tica e Implicaciones Sociales; Hardware Sostenible; y Ciberseguridad Inteligente. Sobre cada uno de ellos habr\u00e1 mesas de debate entre personal investigador y representantes de la industria.<\/p>\n<p>Adem\u00e1s, el evento incluye la presentaci\u00f3n de una de las infraestructuras dedicada a la I+D en Inteligencia Artificial ubicadas en la Comunitat Valenciana. Se trata de\u00a0Artemisa, la infraestructura del Instituto de F\u00edsica Corpuscular dedicada a t\u00e9cnicas de\u00a0<em>Machine Learning<\/em>\u00a0y\u00a0<em>Big Data<\/em>\u00a0financiada por el Programa operativo FEDER de la Comunitat Valenciana 2014-2020 para la adquisici\u00f3n de infraestructuras y equipamiento de I+D+i. Para finalizar, se propone un taller para conectar empresas e investigadores.<\/p>\n","protected":false},"excerpt":{"rendered":"<p>La UCIE del IFIC particip\u00f3 en la presentaci\u00f3n en Val\u00e8ncia de la red AIHUB, que re\u00fane a 70 grupos de investigaci\u00f3n del CSIC en Inteligencia Artificial para colaborar en I+D, formaci\u00f3n y transferencia a la sociedad y la empresa.<\/p>\n","protected":false},"author":4,"featured_media":6439,"comment_status":"open","ping_status":"open","sticky":false,"template":"","format":"standard","meta":{"_monsterinsights_skip_tracking":false,"_monsterinsights_sitenote_active":false,"_monsterinsights_sitenote_note":"","_monsterinsights_sitenote_category":0,"footnotes":""},"categories":[83,87,85],"tags":[],"acf":[],"_links":{"self":[{"href":"https:\/\/ucie.ific.uv.es\/ucie\/wp-json\/wp\/v2\/posts\/6442"}],"collection":[{"href":"https:\/\/ucie.ific.uv.es\/ucie\/wp-json\/wp\/v2\/posts"}],"about":[{"href":"https:\/\/ucie.ific.uv.es\/ucie\/wp-json\/wp\/v2\/types\/post"}],"author":[{"embeddable":true,"href":"https:\/\/ucie.ific.uv.es\/ucie\/wp-json\/wp\/v2\/users\/4"}],"replies":[{"embeddable":true,"href":"https:\/\/ucie.ific.uv.es\/ucie\/wp-json\/wp\/v2\/comments?post=6442"}],"version-history":[{"count":1,"href":"https:\/\/ucie.ific.uv.es\/ucie\/wp-json\/wp\/v2\/posts\/6442\/revisions"}],"predecessor-version":[{"id":6444,"href":"https:\/\/ucie.ific.uv.es\/ucie\/wp-json\/wp\/v2\/posts\/6442\/revisions\/6444"}],"wp:featuredmedia":[{"embeddable":true,"href":"https:\/\/ucie.ific.uv.es\/ucie\/wp-json\/wp\/v2\/media\/6439"}],"wp:attachment":[{"href":"https:\/\/ucie.ific.uv.es\/ucie\/wp-json\/wp\/v2\/media?parent=6442"}],"wp:term":[{"taxonomy":"category","embeddable":true,"href":"https:\/\/ucie.ific.uv.es\/ucie\/wp-json\/wp\/v2\/categories?post=6442"},{"taxonomy":"post_tag","embeddable":true,"href":"https:\/\/ucie.ific.uv.es\/ucie\/wp-json\/wp\/v2\/tags?post=6442"}],"curies":[{"name":"wp","href":"https:\/\/api.w.org\/{rel}","templated":true}]}}