{"id":6657,"date":"2022-02-18T08:42:09","date_gmt":"2022-02-18T08:42:09","guid":{"rendered":"https:\/\/ucie.ific.uv.es\/ucie\/?p=6657"},"modified":"2022-03-08T13:22:48","modified_gmt":"2022-03-08T13:22:48","slug":"el-ific-presenta-dos-prototipos-en-fase-final-de-desarrollo-en-foro-transfiere-2","status":"publish","type":"post","link":"https:\/\/ucie.ific.uv.es\/ucie\/en\/el-ific-presenta-dos-prototipos-en-fase-final-de-desarrollo-en-foro-transfiere-2\/","title":{"rendered":"El IFIC presenta dos prototipos en fase final de desarrollo en Foro Transfiere"},"content":{"rendered":"<p>Transfiere es el principal encuentro de I+D+i del Sur de Europa para compartir conocimiento cient\u00edfico y tecnol\u00f3gico, promover la innovaci\u00f3n y conectar ciencia y empresa. Se trata de un foro profesional y multisectorial clave para la transferencia de conocimiento, la mejora de la competitividad en el sector empresarial y la generaci\u00f3n de oportunidades de negocio y networking.<\/p>\n<p>La Unidad Cient\u00edfica de Innovaci\u00f3n Empresarial (UCIE) del Instituto de F\u00edsica Corpuscular (IFIC), apoyada por la Agencia Valenciana de Innovaci\u00f3n (AVI) \u00a0y cofinanciada a trav\u00e9s de Fondos FEDER, tiene como objetivo la innovaci\u00f3n siendo el nexo entre lo que investiga y desarrolla el centro y las necesidades detectadas por los institutos tecnol\u00f3gicos y el tejido empresarial. \u00a0Por ello, desde la UCIE acudimos de nuevo a consolidar nuestra presencia en esta edici\u00f3n de 2022 celebrada el 16 y 17 de febrero en el Palacio de Ferias y Congresos de M\u00e1laga (Fycma), donde hemos promocionado las capacidades cient\u00edficas y t\u00e9cnicas del IFIC, participado en diversas actividades y mantenido m\u00e1s de 10 reuniones B2B para la b\u00fasqueda de oportunidades y colaboraciones.<\/p>\n<p>Desde el CSIC tambi\u00e9n se ha impulsado la participaci\u00f3n de los investigadores del IFIC en el espacio expositivo Demo Center donde se mostraron dos prototipos que se encuentran ya en las etapas finales de su desarrollo: un sistema de imagen mediante detecci\u00f3n de radiaci\u00f3n gamma presentado por Gabriela LLos\u00e1 y un dispositivo dual de imagen de radiaci\u00f3n gamma y neutrones presentado por Jorge Lerendegui e Ion Ladarescu. Jorge Lerendegui y Gabriela Llos\u00e1 tambi\u00e9n mostraron las principales caracter\u00edsticas t\u00e9cnicas de sus dispositivos y sus potenciales aplicaciones en un Elevator Pitch que tuvo lugar en el espacio dinamizado por el Consejo Superior de Investigaciones Cient\u00edficas, CSIC.<\/p>\n<p>Formar parte activa de Transfiere permite, adem\u00e1s de promocionar y conocer nuevos productos, servicios y proyectos innovadores, establecer nuevos contactos, realizar networking, encontrar nuevos partners y establecer alianzas estrat\u00e9gicas y sinergias con los principales agentes p\u00fablicos y privados relevantes en el \u00e1mbito de la investigaci\u00f3n y la transferencia de conocimiento.<\/p>\n","protected":false},"excerpt":{"rendered":"<p>Transfiere es el principal encuentro de I+D+i del Sur de Europa para compartir conocimiento cient\u00edfico y tecnol\u00f3gico, promover la innovaci\u00f3n y conectar ciencia y empresa. <\/p>\n","protected":false},"author":4,"featured_media":6660,"comment_status":"open","ping_status":"open","sticky":false,"template":"","format":"standard","meta":{"_monsterinsights_skip_tracking":false,"_monsterinsights_sitenote_active":false,"_monsterinsights_sitenote_note":"","_monsterinsights_sitenote_category":0,"footnotes":""},"categories":[95,91],"tags":[],"acf":[],"_links":{"self":[{"href":"https:\/\/ucie.ific.uv.es\/ucie\/wp-json\/wp\/v2\/posts\/6657"}],"collection":[{"href":"https:\/\/ucie.ific.uv.es\/ucie\/wp-json\/wp\/v2\/posts"}],"about":[{"href":"https:\/\/ucie.ific.uv.es\/ucie\/wp-json\/wp\/v2\/types\/post"}],"author":[{"embeddable":true,"href":"https:\/\/ucie.ific.uv.es\/ucie\/wp-json\/wp\/v2\/users\/4"}],"replies":[{"embeddable":true,"href":"https:\/\/ucie.ific.uv.es\/ucie\/wp-json\/wp\/v2\/comments?post=6657"}],"version-history":[{"count":5,"href":"https:\/\/ucie.ific.uv.es\/ucie\/wp-json\/wp\/v2\/posts\/6657\/revisions"}],"predecessor-version":[{"id":6756,"href":"https:\/\/ucie.ific.uv.es\/ucie\/wp-json\/wp\/v2\/posts\/6657\/revisions\/6756"}],"wp:featuredmedia":[{"embeddable":true,"href":"https:\/\/ucie.ific.uv.es\/ucie\/wp-json\/wp\/v2\/media\/6660"}],"wp:attachment":[{"href":"https:\/\/ucie.ific.uv.es\/ucie\/wp-json\/wp\/v2\/media?parent=6657"}],"wp:term":[{"taxonomy":"category","embeddable":true,"href":"https:\/\/ucie.ific.uv.es\/ucie\/wp-json\/wp\/v2\/categories?post=6657"},{"taxonomy":"post_tag","embeddable":true,"href":"https:\/\/ucie.ific.uv.es\/ucie\/wp-json\/wp\/v2\/tags?post=6657"}],"curies":[{"name":"wp","href":"https:\/\/api.w.org\/{rel}","templated":true}]}}