{"id":7963,"date":"2023-02-28T19:42:16","date_gmt":"2023-02-28T19:42:16","guid":{"rendered":"https:\/\/ucie.ific.uv.es\/ucie\/?p=7963"},"modified":"2023-02-28T19:42:16","modified_gmt":"2023-02-28T19:42:16","slug":"la-ucie-del-ific-en-transfiere-2023","status":"publish","type":"post","link":"https:\/\/ucie.ific.uv.es\/ucie\/es\/la-ucie-del-ific-en-transfiere-2023\/","title":{"rendered":"La UCIE del IFIC en TRANSFIERE 2023"},"content":{"rendered":"<p>Los agentes de la Unidad Cient\u00edfica de Innovaci\u00f3n Empresarial (UCIE) Ana Isabel Delgado y C\u00e9sar Senra, acudieron en representaci\u00f3n del IFIC a la \u00faltima edici\u00f3n de TRANSFIERE, celebrada el 15, 16 y 17 de febrero en el Palacio de Ferias y Congresos de M\u00e1laga.<\/p>\n<p>TRANSFIERE se ha consolidado en estos \u00faltimos a\u00f1os como el principal encuentro de I+D+i del Sur de Europa para compartir conocimiento cient\u00edfico y tecnol\u00f3gico, promover la innovaci\u00f3n y conectar ciencia y empresa. La convocatoria de 2023, que ha supuesto la duod\u00e9cima edici\u00f3n de este evento, se ha cerrado con la participaci\u00f3n de m\u00e1s de 4.300 visitantes profesionales y m\u00e1s de 420 ponentes que han debatido en torno a m\u00e1s de 80 paneles tem\u00e1ticas de m\u00e1ximo inter\u00e9s para el ecosistema innovador, como pueden ser el hidr\u00f3geno verde como alternativa sostenible a los combustibles f\u00f3siles, o los Proyectos Estrat\u00e9gicos para la Recuperaci\u00f3n y Transformaci\u00f3n Econ\u00f3mica (PERTE).<\/p>\n<p>La experiencia de los agentes en este tipo de eventos ha valido acudir en esta ocasi\u00f3n con un trabajo previo de definici\u00f3n de objetivos, de puesta en marcha de procesos para la identificaci\u00f3n de participantes de inter\u00e9s y con un plan de comunicaci\u00f3n preestablecido (incluida la elaboraci\u00f3n de fichas renovadas para la promoci\u00f3n de las capacidades cient\u00edficas y t\u00e9cnicas del IFIC), con el fin de mejorar los resultados de asistencias anteriores. Mediante la agenda de reuniones B2B y la visita a stands se han conseguido establecer diversos contactos para potenciales colaboraciones, as\u00ed como recibir propuestas de novedosas herramientas de financiaci\u00f3n y de formaci\u00f3n en diferentes aspectos de la propiedad intelectual.<\/p>\n<p>Cabe destacar tambi\u00e9n la presencia en el evento de varios agentes de la red innoagents de la Ag\u00e8ncia Valenciana d\u2019innovaci\u00f3 (AVI), que ha contribuido a dar una mayor presencia y poder exaltar la labor de la Ag\u00e8ncia entre los asistentes. Se ha podido constatar adem\u00e1s que el modelo de transferencia de la Comunitat Valenciana fue referenciado en diversas intervenciones como un modelo de \u00e9xito y que est\u00e1 sirviendo de referencia para otras comunidades.<\/p>\n<p>Por otra parte, desde el CSIC, y como actividad dentro del programa Comte-Innovaci\u00f3n, se ha impulsado la participaci\u00f3n del investigador del IFIC Luis Caballero para la presentaci\u00f3n MAGAS, un dispositivo que combina t\u00e9cnicas de imagen gamma con imagen de ultrasonidos, y que mejora los procedimientos de biopsia guiada por imagen.<\/p>\n","protected":false},"excerpt":{"rendered":"<p>Los agentes de la Unidad Cient\u00edfica de Innovaci\u00f3n Empresarial (UCIE) Ana Isabel Delgado y C\u00e9sar Senra, acudieron en representaci\u00f3n del IFIC a la \u00faltima edici\u00f3n de TRANSFIERE, celebrada el 15, [&hellip;]<\/p>\n","protected":false},"author":6,"featured_media":7964,"comment_status":"open","ping_status":"open","sticky":false,"template":"","format":"standard","meta":{"_monsterinsights_skip_tracking":false,"_monsterinsights_sitenote_active":false,"_monsterinsights_sitenote_note":"","_monsterinsights_sitenote_category":0,"footnotes":""},"categories":[8,42],"tags":[],"acf":[],"_links":{"self":[{"href":"https:\/\/ucie.ific.uv.es\/ucie\/wp-json\/wp\/v2\/posts\/7963"}],"collection":[{"href":"https:\/\/ucie.ific.uv.es\/ucie\/wp-json\/wp\/v2\/posts"}],"about":[{"href":"https:\/\/ucie.ific.uv.es\/ucie\/wp-json\/wp\/v2\/types\/post"}],"author":[{"embeddable":true,"href":"https:\/\/ucie.ific.uv.es\/ucie\/wp-json\/wp\/v2\/users\/6"}],"replies":[{"embeddable":true,"href":"https:\/\/ucie.ific.uv.es\/ucie\/wp-json\/wp\/v2\/comments?post=7963"}],"version-history":[{"count":1,"href":"https:\/\/ucie.ific.uv.es\/ucie\/wp-json\/wp\/v2\/posts\/7963\/revisions"}],"predecessor-version":[{"id":7965,"href":"https:\/\/ucie.ific.uv.es\/ucie\/wp-json\/wp\/v2\/posts\/7963\/revisions\/7965"}],"wp:featuredmedia":[{"embeddable":true,"href":"https:\/\/ucie.ific.uv.es\/ucie\/wp-json\/wp\/v2\/media\/7964"}],"wp:attachment":[{"href":"https:\/\/ucie.ific.uv.es\/ucie\/wp-json\/wp\/v2\/media?parent=7963"}],"wp:term":[{"taxonomy":"category","embeddable":true,"href":"https:\/\/ucie.ific.uv.es\/ucie\/wp-json\/wp\/v2\/categories?post=7963"},{"taxonomy":"post_tag","embeddable":true,"href":"https:\/\/ucie.ific.uv.es\/ucie\/wp-json\/wp\/v2\/tags?post=7963"}],"curies":[{"name":"wp","href":"https:\/\/api.w.org\/{rel}","templated":true}]}}