{"id":7966,"date":"2023-02-28T19:42:16","date_gmt":"2023-02-28T19:42:16","guid":{"rendered":"https:\/\/ucie.ific.uv.es\/ucie\/?p=7966"},"modified":"2023-02-28T19:44:44","modified_gmt":"2023-02-28T19:44:44","slug":"lucie-de-lific-en-transfiere-2023","status":"publish","type":"post","link":"https:\/\/ucie.ific.uv.es\/ucie\/va\/lucie-de-lific-en-transfiere-2023\/","title":{"rendered":"L&#8217;UCIE de l&#8217;IFIC en TRANSFIERE 2023"},"content":{"rendered":"<p>Els agents de la Unitat Cient\u00edfica d&#8217;Innovaci\u00f3 Empresarial (UCIE) Ana Isabel Delgado i C\u00e9sar Senra, van acudir en representaci\u00f3 de l&#8217;IFIC a l&#8217;\u00faltima edici\u00f3 de TRANSFIERE, celebrada el 15, 16 i 17 de febrer en el Palau de Fires i Congressos de M\u00e0laga.<\/p>\n<p>TRANSFIERE s&#8217;ha consolidat en aquests \u00faltims anys com la principal trobada de R+D+i del Sud d&#8217;Europa per a compartir coneixement cient\u00edfic i tecnol\u00f2gic, promoure la innovaci\u00f3 i connectar ci\u00e8ncia i empresa. La convocat\u00f2ria de 2023, que ha suposat la dotzena edici\u00f3 d&#8217;aquest esdeveniment, s&#8217;ha tancat amb la participaci\u00f3 de m\u00e9s de 4.300 visitants professionals i m\u00e9s de 420 ponents que han debatut entorn de m\u00e9s de 80 panells tem\u00e0tiques de m\u00e0xim inter\u00e9s per a l&#8217;ecosistema innovador, com poden ser l&#8217;hidrogen verd com a alternativa sostenible als combustibles f\u00f2ssils, o els Projectes Estrat\u00e8gics per a la Recuperaci\u00f3 i Transformaci\u00f3 Econ\u00f2mica (PERTE).<\/p>\n<p>L&#8217;experi\u00e8ncia dels agents en aquesta mena d&#8217;esdeveniments ha valgut acudir en aquesta ocasi\u00f3 amb un treball previ de definici\u00f3 d&#8217;objectius, de posada en marxa de processos per a la identificaci\u00f3 de participants d&#8217;inter\u00e9s i amb un pla de comunicaci\u00f3 preestablit (inclosa l&#8217;elaboraci\u00f3 de fitxes renovades per a la promoci\u00f3 de les capacitats cient\u00edfiques i t\u00e8cniques de l&#8217;IFIC), amb la finalitat de millorar els resultats d&#8217;assist\u00e8ncies anteriors. Mitjan\u00e7ant l&#8217;agenda de reunions B2B i la visita a estands s&#8217;han aconseguit establir diversos contactes per a potencials col\u00b7laboracions, aix\u00ed com rebre propostes de noves eines de finan\u00e7ament i de formaci\u00f3 en diferents aspectes de la propietat intel\u00b7lectual.<\/p>\n<p>Cal destacar tamb\u00e9 la pres\u00e8ncia en l&#8217;esdeveniment de diversos agents de la xarxa innoagents de l&#8217;Ag\u00e8ncia Valenciana d\u2019innovaci\u00f3 (AVI), que ha contribu\u00eft a donar una major pres\u00e8ncia i poder exaltar la labor de l&#8217;Ag\u00e8ncia entre els assistents. S&#8217;ha pogut constatar a m\u00e9s que el model de transfer\u00e8ncia de la Comunitat Valenciana va ser referenciat en diverses intervencions com un model d&#8217;\u00e8xit i que est\u00e0 servint de refer\u00e8ncia per a altres comunitats.<\/p>\n<p>D&#8217;altra banda, des del CSIC, i com a activitat dins del programa Comte-Innovaci\u00f3n, s&#8217;ha impulsat la participaci\u00f3 de l&#8217;investigador de l&#8217;IFIC Luis Caballero per a la presentaci\u00f3 MAGAS, un dispositiu que combina t\u00e8cniques d&#8217;imatge gamma amb imatge d&#8217;ultrasons, i que millora els procediments de bi\u00f2psia guiada per imatge.<\/p>\n","protected":false},"excerpt":{"rendered":"<p>Els agents de la Unitat Cient\u00edfica d&#8217;Innovaci\u00f3 Empresarial (UCIE) Ana Isabel Delgado i C\u00e9sar Senra, van acudir en representaci\u00f3 de l&#8217;IFIC a l&#8217;\u00faltima edici\u00f3 de TRANSFIERE, celebrada el 15, 16 [&hellip;]<\/p>\n","protected":false},"author":6,"featured_media":7964,"comment_status":"open","ping_status":"open","sticky":false,"template":"","format":"standard","meta":{"_monsterinsights_skip_tracking":false,"_monsterinsights_sitenote_active":false,"_monsterinsights_sitenote_note":"","_monsterinsights_sitenote_category":0,"footnotes":""},"categories":[38],"tags":[],"acf":[],"_links":{"self":[{"href":"https:\/\/ucie.ific.uv.es\/ucie\/wp-json\/wp\/v2\/posts\/7966"}],"collection":[{"href":"https:\/\/ucie.ific.uv.es\/ucie\/wp-json\/wp\/v2\/posts"}],"about":[{"href":"https:\/\/ucie.ific.uv.es\/ucie\/wp-json\/wp\/v2\/types\/post"}],"author":[{"embeddable":true,"href":"https:\/\/ucie.ific.uv.es\/ucie\/wp-json\/wp\/v2\/users\/6"}],"replies":[{"embeddable":true,"href":"https:\/\/ucie.ific.uv.es\/ucie\/wp-json\/wp\/v2\/comments?post=7966"}],"version-history":[{"count":1,"href":"https:\/\/ucie.ific.uv.es\/ucie\/wp-json\/wp\/v2\/posts\/7966\/revisions"}],"predecessor-version":[{"id":7967,"href":"https:\/\/ucie.ific.uv.es\/ucie\/wp-json\/wp\/v2\/posts\/7966\/revisions\/7967"}],"wp:featuredmedia":[{"embeddable":true,"href":"https:\/\/ucie.ific.uv.es\/ucie\/wp-json\/wp\/v2\/media\/7964"}],"wp:attachment":[{"href":"https:\/\/ucie.ific.uv.es\/ucie\/wp-json\/wp\/v2\/media?parent=7966"}],"wp:term":[{"taxonomy":"category","embeddable":true,"href":"https:\/\/ucie.ific.uv.es\/ucie\/wp-json\/wp\/v2\/categories?post=7966"},{"taxonomy":"post_tag","embeddable":true,"href":"https:\/\/ucie.ific.uv.es\/ucie\/wp-json\/wp\/v2\/tags?post=7966"}],"curies":[{"name":"wp","href":"https:\/\/api.w.org\/{rel}","templated":true}]}}