{"id":8015,"date":"2023-03-31T14:51:22","date_gmt":"2023-03-31T14:51:22","guid":{"rendered":"https:\/\/ucie.ific.uv.es\/ucie\/?p=8015"},"modified":"2023-03-31T14:51:22","modified_gmt":"2023-03-31T14:51:22","slug":"el-ific-presenta-el-plan-complementario-de-idi-del-programa-astrofisica-y-fisica-de-altas-energias","status":"publish","type":"post","link":"https:\/\/ucie.ific.uv.es\/ucie\/es\/el-ific-presenta-el-plan-complementario-de-idi-del-programa-astrofisica-y-fisica-de-altas-energias\/","title":{"rendered":"El IFIC presenta el Plan Complementario de I+D+i del programa Astrof\u00edsica y F\u00edsica de Altas Energ\u00edas"},"content":{"rendered":"<p>Fuente: IFIC<\/p>\n<p><strong>El Instituto de F\u00edsica Corpuscular (CSIC-UV) coordina este programa de I+D+i que moviliza cerca de 8 millones de euros en la Comunitat Valenciana, financiando 30 proyectos de investigaci\u00f3n<\/strong><\/p>\n<p><strong>La exploraci\u00f3n de lo m\u00e1s grande y lo m\u00e1s peque\u00f1o del universo es el objetivo, as\u00ed como tambi\u00e9n la aplicaci\u00f3n de las tecnolog\u00edas desarrolladas en la lucha contra el c\u00e1ncer, entre otros campos<\/strong><\/p>\n<p>El Instituto de F\u00edsica Corpuscular (IFIC), centro mixto del Consejo Superior de Investigaciones Cient\u00edficas (CSIC) y la Universitat de Val\u00e8ncia (UV), ha celebrado hoy la presentaci\u00f3n del Plan Complementario de Astrof\u00edsica y F\u00edsica de Altas Energ\u00edas en la Comunitat Valenciana. Este programa de I+D+i cuenta con un presupuesto a nivel auton\u00f3mico de 8 millones de euros, financiados por la Generalitat Valenciana y el Gobierno de Espa\u00f1a, y est\u00e1 coordinado por el investigador del CSIC en el IFIC Carlos Lacasta. La exploraci\u00f3n de los componentes microsc\u00f3picos del universo y de objetos astrof\u00edsicos a grandes escalas y su interrelaci\u00f3n es el objetivo cient\u00edfico de la propuesta, que tambi\u00e9n pone \u00e9nfasis en la aplicaci\u00f3n pr\u00e1ctica de las tecnolog\u00edas desarrolladas.<\/p>\n<p>La presentaci\u00f3n ha reunido a 60 personas expertas en la materia y ha contado con la participaci\u00f3n de la consellera de Innovaci\u00f3n, Universidades, Ciencia y Sociedad Digital, Josefina Bueno; la secretaria Auton\u00f3mica de Universidades e Investigaci\u00f3n, M\u00aa Auxiliadora Jord\u00e1; el director general de Ciencia e Investigaci\u00f3n, Jorge Arnau Llinares; el vicerrector de Investigaci\u00f3n de la UV, Carlos Hermenegildo; el vicerrector de Investigaci\u00f3n de la Universidad de Alicante, Juan Mora; y la directora del IFIC, Nuria Rius, entre otras autoridades. El acto ha sido moderado por la investigadora del CSIC, Carmen Garc\u00eda.<\/p>\n<p>El Plan Complementario de Astrof\u00edsica y F\u00edsica de Altas Energ\u00edas en la Comunitat Valenciana forma parte del proyecto \u201cTecnolog\u00edas avanzadas para la exploraci\u00f3n del universo y sus componentes\u201d, donde participan siete comunidades aut\u00f3nomas: Andaluc\u00eda, Arag\u00f3n, Islas Baleares, Cantabria, Catalu\u00f1a, Comunidad Valenciana y Madrid. Est\u00e1 financiado con cerca de 38 millones de euros, procedentes de las autonom\u00edas participantes y de fondos europeos aportados por el Ministerio de Ciencia e Innovaci\u00f3n a trav\u00e9s del Plan de Recuperaci\u00f3n, Transformaci\u00f3n y Resiliencia, que se nutre del Fondo de Recuperaci\u00f3n &#8216;Next Generation&#8217;, aprobado por la UE para hacer frente a la crisis del coronavirus.<\/p>\n<p>El programa de Astrof\u00edsica y F\u00edsica de Altas Energ\u00edas es una de las 8 \u00e1reas prioritarias de investigaci\u00f3n que tanto el Gobierno de Espa\u00f1a como las comunidades aut\u00f3nomas quieren potenciar con los planes complementarios para I+D+i financiados con fondos del Mecanismo de Recuperaci\u00f3n y Resiliencia. La Comunitat Valenciana participa en 5 de las 8 \u00e1reas de inter\u00e9s cient\u00edfico-t\u00e9cnicas: Ciencias Marinas; Comunicaci\u00f3n cu\u00e1ntica; Agroalimentaci\u00f3n; Astrof\u00edsica y f\u00edsica de altas energ\u00edas; y Materiales avanzados.<\/p>\n<p>&nbsp;<\/p>\n<p><strong>Plan de Astrof\u00edsica y F\u00edsica de Altas Energ\u00edas en la Comunitat Valenciana<\/strong><\/p>\n<p>La iniciativa de la Comunitat Valenciana es la segunda con mayor financiaci\u00f3n, cerca de 8 millones de euros, y est\u00e1 liderada por el IFIC. Entre las instituciones participantes en el Plan Complementario de Astrof\u00edsica y F\u00edsica de Altas Energ\u00edas de la Comunitat Valenciana est\u00e1n est\u00e1n el Consejo Superior de Investigaciones Cient\u00edficas (CSIC), la Universitat de Val\u00e8ncia (UV), la Universidad de Alicante (UA), la Universidad Miguel Hern\u00e1ndez (UMH) y la Universidad Polit\u00e9cnica de Valencia (UPV).<\/p>\n<p>Para Josefina Bueno, \u201cestas disciplinas necesitan de proyectos de investigaci\u00f3n muy ambiciosos acometidos por grandes colaboraciones nacionales e internacionales. En ese sentido, es importante consolidar y mantener a nuestros grupos en la vanguardia de este esfuerzo, adem\u00e1s de potenciar su visibilidad para optimizar la explotaci\u00f3n cient\u00edfica de los proyectos de investigaci\u00f3n y para permitirles involucrar al tejido industrial desde los estadios m\u00e1s tempranos de los proyectos en los que participan. Otro de los grandes objetivos es potenciar la coordinaci\u00f3n con otros grupos nacionales para incrementar la visibilidad y peso espec\u00edfico en las colaboraciones internacionales, de forma que les permita acometer objetivos m\u00e1s ambiciosos\u201d.<\/p>\n<p>La exploraci\u00f3n de las leyes del universo, desde sus componentes microsc\u00f3picos fundamentales a los objetos astrof\u00edsicos a grandes escalas y su interrelaci\u00f3n, est\u00e1 detr\u00e1s de los objetivos primordiales de esta propuesta. \u201cEl programa tiene un marcado car\u00e1cter tecnol\u00f3gico, y hace hincapi\u00e9 en el desarrollo de los instrumentos que nos permitan alcanzar estos objetivos y preparar el camino a lo desconocido\u201d, explica el coordinador, Carlos Lacasta. Para ello se financian 30 proyectos de investigaci\u00f3n.<\/p>\n<p>Los avances cient\u00edfico-tecnol\u00f3gicos que se llevan a cabo en estos proyectos tienen aplicaci\u00f3n pr\u00e1ctica en otros \u00e1mbitos, como la f\u00edsica m\u00e9dica (tanto para el diagn\u00f3stico por imagen como la monitorizaci\u00f3n de nuevas terapias contra el c\u00e1ncer), u otros campos, como el control y la monitorizaci\u00f3n del desmantelamiento de centrales nucleares.<\/p>\n<p><b>M\u00e1s informaci\u00f3n:<\/b><\/p>\n<p>https:\/\/rendiciocomptes.gva.es\/es\/plans-complementaris-en-les-arees-prioritaries-d-investigacio-en-astrofisica-i-fisica-d-altes-energies-i-materials-avancats<\/p>\n<p>&nbsp;<\/p>\n<p>&nbsp;<\/p>\n<p>&nbsp;<\/p>\n","protected":false},"excerpt":{"rendered":"<p>Fuente: IFIC El Instituto de F\u00edsica Corpuscular (CSIC-UV) coordina este programa de I+D+i que moviliza cerca de 8 millones de euros en la Comunitat Valenciana, financiando 30 proyectos de investigaci\u00f3n [&hellip;]<\/p>\n","protected":false},"author":6,"featured_media":8016,"comment_status":"open","ping_status":"open","sticky":false,"template":"","format":"standard","meta":{"_monsterinsights_skip_tracking":false,"_monsterinsights_sitenote_active":false,"_monsterinsights_sitenote_note":"","_monsterinsights_sitenote_category":0,"footnotes":""},"categories":[8,42],"tags":[],"acf":[],"_links":{"self":[{"href":"https:\/\/ucie.ific.uv.es\/ucie\/wp-json\/wp\/v2\/posts\/8015"}],"collection":[{"href":"https:\/\/ucie.ific.uv.es\/ucie\/wp-json\/wp\/v2\/posts"}],"about":[{"href":"https:\/\/ucie.ific.uv.es\/ucie\/wp-json\/wp\/v2\/types\/post"}],"author":[{"embeddable":true,"href":"https:\/\/ucie.ific.uv.es\/ucie\/wp-json\/wp\/v2\/users\/6"}],"replies":[{"embeddable":true,"href":"https:\/\/ucie.ific.uv.es\/ucie\/wp-json\/wp\/v2\/comments?post=8015"}],"version-history":[{"count":2,"href":"https:\/\/ucie.ific.uv.es\/ucie\/wp-json\/wp\/v2\/posts\/8015\/revisions"}],"predecessor-version":[{"id":8018,"href":"https:\/\/ucie.ific.uv.es\/ucie\/wp-json\/wp\/v2\/posts\/8015\/revisions\/8018"}],"wp:featuredmedia":[{"embeddable":true,"href":"https:\/\/ucie.ific.uv.es\/ucie\/wp-json\/wp\/v2\/media\/8016"}],"wp:attachment":[{"href":"https:\/\/ucie.ific.uv.es\/ucie\/wp-json\/wp\/v2\/media?parent=8015"}],"wp:term":[{"taxonomy":"category","embeddable":true,"href":"https:\/\/ucie.ific.uv.es\/ucie\/wp-json\/wp\/v2\/categories?post=8015"},{"taxonomy":"post_tag","embeddable":true,"href":"https:\/\/ucie.ific.uv.es\/ucie\/wp-json\/wp\/v2\/tags?post=8015"}],"curies":[{"name":"wp","href":"https:\/\/api.w.org\/{rel}","templated":true}]}}