{"id":8019,"date":"2023-03-31T14:51:22","date_gmt":"2023-03-31T14:51:22","guid":{"rendered":"https:\/\/ucie.ific.uv.es\/ucie\/?p=8019"},"modified":"2023-03-31T14:55:22","modified_gmt":"2023-03-31T14:55:22","slug":"lific-presenta-el-pla-complementari-de-rdi-del-programa-astrofisica-i-fisica-daltes-energies","status":"publish","type":"post","link":"https:\/\/ucie.ific.uv.es\/ucie\/va\/lific-presenta-el-pla-complementari-de-rdi-del-programa-astrofisica-i-fisica-daltes-energies\/","title":{"rendered":"L&#8217;IFIC presenta el Pla Complementari de R+D+i del programa Astrof\u00edsica i F\u00edsica d&#8217;Altes Energies"},"content":{"rendered":"<p><strong>L&#8217;Institut de F\u00edsica Corpuscular (CSIC-UV) coordina aquest programa de R+D+i que mobilitza prop de 8 milions d&#8217;euros en la Comunitat Valenciana, finan\u00e7ant 30 projectes d&#8217;investigaci\u00f3<\/strong><br \/>\n<strong>L&#8217;exploraci\u00f3 d&#8217;all\u00f2 m\u00e9s gran i el m\u00e9s xicotet de l&#8217;univers \u00e9s l&#8217;objectiu, aix\u00ed com tamb\u00e9 l&#8217;aplicaci\u00f3 de les tecnologies desenvolupades en la lluita contra el c\u00e0ncer, entre altres camps<\/strong><\/p>\n<p>L&#8217;Institut de F\u00edsica Corpuscular (IFIC), centre mixt del Consell Superior d&#8217;Investigacions Cient\u00edfiques (CSIC) i la Universitat de Val\u00e8ncia (UV), ha celebrat hui la presentaci\u00f3 del Pla Complementari d&#8217;Astrof\u00edsica i F\u00edsica d&#8217;Altes Energies en la Comunitat Valenciana. Aquest programa de R+D+i compta amb un pressupost a nivell auton\u00f2mic de 8 milions d&#8217;euros, finan\u00e7ats per la Generalitat Valenciana i el Govern d&#8217;Espanya, i est\u00e0 coordinat per l&#8217;investigador del CSIC en l&#8217;IFIC Carlos Lacasta. L&#8217;exploraci\u00f3 dels components microsc\u00f2pics de l&#8217;univers i d&#8217;objectes astrof\u00edsics a grans escales i la seua interrelaci\u00f3 \u00e9s l&#8217;objectiu cient\u00edfic de la proposta, que tamb\u00e9 posa \u00e8mfasi en l&#8217;aplicaci\u00f3 pr\u00e0ctica de les tecnologies desenvolupades.<br \/>\nLa presentaci\u00f3 ha reunit 60 persones expertes en la mat\u00e8ria i ha comptat amb la participaci\u00f3 de la consellera d&#8217;Innovaci\u00f3, Universitats, Ci\u00e8ncia i Societat Digital, Josefina Bueno; la secret\u00e0ria Auton\u00f2mica d&#8217;Universitats i Recerca, M\u00aa Auxiliadora Jord\u00e1; el director general de Ci\u00e8ncia i Investigaci\u00f3, Jorge Arnau Llinares; el vicerector d&#8217;Investigaci\u00f3 de la UV, Carlos Hermenegildo; el vicerector d&#8217;Investigaci\u00f3 de la Universitat d&#8217;Alacant, Juan Mora; i la directora de l&#8217;IFIC, Nuria Rius, entre altres autoritats. L&#8217;acte ha sigut moderat per la investigadora del CSIC, Carmen Garc\u00eda.<br \/>\nEl Pla Complementari d&#8217;Astrof\u00edsica i F\u00edsica d&#8217;Altes Energies en la Comunitat Valenciana forma part del projecte \u201cTecnologies avan\u00e7ades per a l&#8217;exploraci\u00f3 de l&#8217;univers i els seus components\u201d, on participen set comunitats aut\u00f2nomes: Andalusia, Arag\u00f3, Illes Balears, Cant\u00e0bria, Catalunya, Comunitat Valenciana i Madrid. \u00c9s finan\u00e7at amb prop de 38 milions d&#8217;euros, procedents de les autonomies participants i de fons europeus aportats pel Ministeri de Ci\u00e8ncia i Innovaci\u00f3 a trav\u00e9s del Pla de Recuperaci\u00f3, Transformaci\u00f3 i Resili\u00e8ncia, que es nodreix del Fons de Recuperaci\u00f3 &#8216;Next Generation&#8217;, aprovat per la UE per a fer front a la crisi del coronavirus.<br \/>\nEl programa d&#8217;Astrof\u00edsica i F\u00edsica d&#8217;Altes Energies \u00e9s una de les 8 \u00e0rees priorit\u00e0ries d&#8217;investigaci\u00f3 que tant el Govern d&#8217;Espanya com les comunitats aut\u00f2nomes volen potenciar amb els plans complementaris per a R+D+i finan\u00e7ats amb fons del Mecanisme de Recuperaci\u00f3 i Resili\u00e8ncia. La Comunitat Valenciana participa en 5 de les 8 \u00e0rees d&#8217;inter\u00e9s cientificot\u00e8cniques: Ci\u00e8ncies Marines; Comunicaci\u00f3 qu\u00e0ntica; Agroalimentaci\u00f3; Astrof\u00edsica i f\u00edsica d&#8217;altes energies; i Materials avan\u00e7ats.<\/p>\n<p>&nbsp;<\/p>\n<p><strong>Pla d&#8217;Astrof\u00edsica i F\u00edsica d&#8217;Altes Energies en la Comunitat Valenciana<\/strong>La iniciativa de la Comunitat Valenciana \u00e9s la segona amb major finan\u00e7ament, prop de 8 milions d&#8217;euros, i est\u00e0 liderada per l&#8217;IFIC. Entre les institucions participants en el Pla Complementari d&#8217;Astrof\u00edsica i F\u00edsica d&#8217;Altes Energies de la Comunitat Valenciana estan estan el Consell Superior d&#8217;Investigacions Cient\u00edfiques (CSIC), la Universitat de Val\u00e8ncia (UV), la Universitat d&#8217;Alacant (UA), la Universitat Miguel Hern\u00e1ndez (UMH) i la Universitat Polit\u00e8cnica de Val\u00e8ncia (UPV).<br \/>\nPer a Josefina Bueno, \u201caquestes disciplines necessiten de projectes d&#8217;investigaci\u00f3 molt ambiciosos escomesos per grans col\u00b7laboracions nacionals i internacionals. En aqueix sentit, \u00e9s important consolidar i mantindre als nostres grups en l&#8217;avantguarda d&#8217;aquest esfor\u00e7, a m\u00e9s de potenciar la seua visibilitat per a optimitzar l&#8217;explotaci\u00f3 cient\u00edfica dels projectes d&#8217;investigaci\u00f3 i per a permetre&#8217;ls involucrar al teixit industrial des dels estadis m\u00e9s primerencs dels projectes en els quals participen. Un altre dels grans objectius \u00e9s potenciar la coordinaci\u00f3 amb altres grups nacionals per a incrementar la visibilitat i pes espec\u00edfic en les col\u00b7laboracions internacionals, de manera que els permeta escometre objectius m\u00e9s ambiciosos\u201d.<br \/>\nL&#8217;exploraci\u00f3 de les lleis de l&#8217;univers, des dels seus components microsc\u00f2pics fonamentals als objectes astrof\u00edsics a grans escales i la seua interrelaci\u00f3, est\u00e0 darrere dels objectius primordials d&#8217;aquesta proposta. \u201cEl programa t\u00e9 un marcat car\u00e0cter tecnol\u00f2gic, i posa l&#8217;accent en el desenvolupament dels instruments que ens permeten aconseguir aquests objectius i preparar el cam\u00ed al desconegut\u201d, explica el coordinador, Carlos Lacasta. Per a aix\u00f2 es financen 30 projectes d&#8217;investigaci\u00f3.<br \/>\nEls avan\u00e7os cient\u00edfic-tecnol\u00f2gics que es duen a terme en aquests projectes tenen aplicaci\u00f3 pr\u00e0ctica en altres \u00e0mbits, com la f\u00edsica m\u00e8dica (tant per al diagn\u00f2stic per imatge com el monitoratge de noves ter\u00e0pies contra el c\u00e0ncer), o altres camps, com el control i el monitoratge del desmantellament de centrals nuclears.<\/p>\n<p><strong>M\u00e8s informaci\u00f3<\/strong><\/p>\n<p>https:\/\/rendiciocomptes.gva.es\/es\/plans-complementaris-en-les-arees-prioritaries-d-investigacio-en-astrofisica-i-fisica-d-altes-energies-i-materials-avancats<\/p>\n<p>&nbsp;<\/p>\n","protected":false},"excerpt":{"rendered":"<p>L&#8217;Institut de F\u00edsica Corpuscular (CSIC-UV) coordina aquest programa de R+D+i que mobilitza prop de 8 milions d&#8217;euros en la Comunitat Valenciana, finan\u00e7ant 30 projectes d&#8217;investigaci\u00f3 L&#8217;exploraci\u00f3 d&#8217;all\u00f2 m\u00e9s gran i [&hellip;]<\/p>\n","protected":false},"author":6,"featured_media":8016,"comment_status":"open","ping_status":"open","sticky":false,"template":"","format":"standard","meta":{"_monsterinsights_skip_tracking":false,"_monsterinsights_sitenote_active":false,"_monsterinsights_sitenote_note":"","_monsterinsights_sitenote_category":0,"footnotes":""},"categories":[38],"tags":[],"acf":[],"_links":{"self":[{"href":"https:\/\/ucie.ific.uv.es\/ucie\/wp-json\/wp\/v2\/posts\/8019"}],"collection":[{"href":"https:\/\/ucie.ific.uv.es\/ucie\/wp-json\/wp\/v2\/posts"}],"about":[{"href":"https:\/\/ucie.ific.uv.es\/ucie\/wp-json\/wp\/v2\/types\/post"}],"author":[{"embeddable":true,"href":"https:\/\/ucie.ific.uv.es\/ucie\/wp-json\/wp\/v2\/users\/6"}],"replies":[{"embeddable":true,"href":"https:\/\/ucie.ific.uv.es\/ucie\/wp-json\/wp\/v2\/comments?post=8019"}],"version-history":[{"count":1,"href":"https:\/\/ucie.ific.uv.es\/ucie\/wp-json\/wp\/v2\/posts\/8019\/revisions"}],"predecessor-version":[{"id":8020,"href":"https:\/\/ucie.ific.uv.es\/ucie\/wp-json\/wp\/v2\/posts\/8019\/revisions\/8020"}],"wp:featuredmedia":[{"embeddable":true,"href":"https:\/\/ucie.ific.uv.es\/ucie\/wp-json\/wp\/v2\/media\/8016"}],"wp:attachment":[{"href":"https:\/\/ucie.ific.uv.es\/ucie\/wp-json\/wp\/v2\/media?parent=8019"}],"wp:term":[{"taxonomy":"category","embeddable":true,"href":"https:\/\/ucie.ific.uv.es\/ucie\/wp-json\/wp\/v2\/categories?post=8019"},{"taxonomy":"post_tag","embeddable":true,"href":"https:\/\/ucie.ific.uv.es\/ucie\/wp-json\/wp\/v2\/tags?post=8019"}],"curies":[{"name":"wp","href":"https:\/\/api.w.org\/{rel}","templated":true}]}}