{"id":8338,"date":"2023-06-24T15:16:37","date_gmt":"2023-06-24T15:16:37","guid":{"rendered":"https:\/\/ucie.ific.uv.es\/ucie\/?p=8338"},"modified":"2023-06-24T15:21:20","modified_gmt":"2023-06-24T15:21:20","slug":"el-projecte-hybrims-de-luis-caballero-rep-un-accessit-en-els-premis-secot-a-lexcel%c2%b7lencia","status":"publish","type":"post","link":"https:\/\/ucie.ific.uv.es\/ucie\/va\/el-projecte-hybrims-de-luis-caballero-rep-un-accessit-en-els-premis-secot-a-lexcel%c2%b7lencia\/","title":{"rendered":"El projecte HYBRIMS de Luis Caballero rep un acc\u00e8ssit en els Premis SECOT a l&#8217;Excel\u00b7l\u00e8ncia"},"content":{"rendered":"<p>L&#8217;associaci\u00f3 S\u00e8niors Espanyols per a la Cooperaci\u00f3 T\u00e8cnica (SECOT) va celebrar dimecres passat 14 de juny, a l&#8217;Auditori del CSIC a Madrid, la <strong>15a edici\u00f3 dels seus Premis SECOT a l&#8217;Excel\u00b7l\u00e8ncia<\/strong>, patrocinats per la <strong>Fundaci\u00f3 Repsol<\/strong>.<\/p>\n<p>En aquesta edici\u00f3, HYBRIMS (Hybrid Imaging Systems), un projecte promogut per l&#8217;investigador de l&#8217;IFIC (CSIC-UV) Luis Caballero que desenvolupa dispositius m\u00e8dics per al diagn\u00f2stic prec\u00eds del c\u00e0ncer, ha resultat guardonat amb una distinci\u00f3 acc\u00e8ssit en la categoria Projecte de Major Impacte. Aquesta modalitat t\u00e9 com a objectiu recon\u00e9ixer el projecte amb major impacte en la societat civil en el qual ha participat l&#8217;associaci\u00f3 SECOT.<\/p>\n<p>Jorge Cabero, Director d&#8217;Innovaci\u00f3 de la Fundaci\u00f3 General CSIC, va ser l&#8217;encarregat de fer lliurament de la distinci\u00f3 a Luis Caballero, acompanyat d&#8217;Adolfo Torres, S\u00e8nior Assessor de la Delegaci\u00f3 de SECOT a Madrid.<\/p>\n<p>\u00abVull agrair de nou als mentors d&#8217;aquest projecte la seua incalculable ajuda que, a part de recolzar i donar-nos for\u00e7a en aquest dur cam\u00ed de l&#8217;emprenedoria, ens ha ajudat a millorar i posar el focus en els punts centrals del pla d&#8217;empresa i el desenvolupament del producte. Esperem salvar moltes vides, que \u00e9s el que realment ens importa\u00bb, va comentar Caballero.<\/p>\n<p>L&#8217;acte va comptar amb la participaci\u00f3 del vicepresident d&#8217;Investigaci\u00f3 Cient\u00edfica i T\u00e8cnica del CSIC, Jos\u00e9 Mar\u00eda Martell; el president de SECOT, Inocente G\u00f3mez Bordonado; i la directora d&#8217;Innovaci\u00f3 i Emprenedoria de la Fundaci\u00f3 Repsol, Ane de Ari\u00f1o Ochoa. Gonzalo Bans, conegut periodista, locutor i presentador d&#8217;esdeveniments, va actuar com a mestre de cerim\u00f2nies.<\/p>\n<p>En representaci\u00f3 de la presidenta del CSIC, Elo\u00edsa del Pino, Martell va ser l&#8217;encarregat d&#8217;obrir l&#8217;acte i donar la benvinguda als assistents. En el seu discurs, va destacar que \u201caquests premis representen una fita important en el comprom\u00eds de SECOT de secundar i promoure l&#8217;esperit emprenedor en la nostra societat\u201d. En aquest sentit, va recalcar que aquests guardons s\u00f3n tamb\u00e9 un est\u00edmul per a continuar avan\u00e7ant i un suport en la traject\u00f2ria d&#8217;aquests emprenedors, la labor dels quals \u201c\u00e9s fonamental per al desenvolupament econ\u00f2mic i social del nostre pa\u00eds\u201d.<\/p>\n<p>Els Premis SECOT tenen per objectiu recon\u00e9ixer l&#8217;esfor\u00e7 i la iniciativa dels socis de SECOT en l&#8217;assessorament empresarial a emprenedors, microempreses i entitats no lucratives.<\/p>\n<p>Sobre HYBRIMS<\/p>\n<p>HYBRIMS t\u00e9 com a objectiu el desenvolupament i viabilitat d&#8217;una Empresa de Base del Coneixement (EBC) creada a partir del desenvolupament d&#8217;una tecnologia m\u00e8dica patentada que combina imatges gamma i d&#8217;ultras\u00f2 amb capacitat per al guiat de la bi\u00f2psia de c\u00e0ncer en temps real. Aquest nou dispositiu afig la informaci\u00f3 metab\u00f2lica proporcionada per les imatges gamma, en les quals es visualitzen les zones m\u00e9s actives o agressives del tumor, a la informaci\u00f3 morfol\u00f2gica obtinguda amb els ultrasons, permetent a l&#8217;especialista una informaci\u00f3 m\u00e9s precisa del tumor.<\/p>\n<p>https:\/\/www.youtube.com\/watch?v=wz1gulwykk8<\/p>\n","protected":false},"excerpt":{"rendered":"<p>L&#8217;associaci\u00f3 S\u00e8niors Espanyols per a la Cooperaci\u00f3 T\u00e8cnica (SECOT) va celebrar dimecres passat 14 de juny, a l&#8217;Auditori del CSIC a Madrid, la 15a edici\u00f3 dels seus Premis SECOT a [&hellip;]<\/p>\n","protected":false},"author":6,"featured_media":8336,"comment_status":"open","ping_status":"open","sticky":false,"template":"","format":"standard","meta":{"_monsterinsights_skip_tracking":false,"_monsterinsights_sitenote_active":false,"_monsterinsights_sitenote_note":"","_monsterinsights_sitenote_category":0,"footnotes":""},"categories":[38],"tags":[],"acf":[],"_links":{"self":[{"href":"https:\/\/ucie.ific.uv.es\/ucie\/wp-json\/wp\/v2\/posts\/8338"}],"collection":[{"href":"https:\/\/ucie.ific.uv.es\/ucie\/wp-json\/wp\/v2\/posts"}],"about":[{"href":"https:\/\/ucie.ific.uv.es\/ucie\/wp-json\/wp\/v2\/types\/post"}],"author":[{"embeddable":true,"href":"https:\/\/ucie.ific.uv.es\/ucie\/wp-json\/wp\/v2\/users\/6"}],"replies":[{"embeddable":true,"href":"https:\/\/ucie.ific.uv.es\/ucie\/wp-json\/wp\/v2\/comments?post=8338"}],"version-history":[{"count":1,"href":"https:\/\/ucie.ific.uv.es\/ucie\/wp-json\/wp\/v2\/posts\/8338\/revisions"}],"predecessor-version":[{"id":8339,"href":"https:\/\/ucie.ific.uv.es\/ucie\/wp-json\/wp\/v2\/posts\/8338\/revisions\/8339"}],"wp:featuredmedia":[{"embeddable":true,"href":"https:\/\/ucie.ific.uv.es\/ucie\/wp-json\/wp\/v2\/media\/8336"}],"wp:attachment":[{"href":"https:\/\/ucie.ific.uv.es\/ucie\/wp-json\/wp\/v2\/media?parent=8338"}],"wp:term":[{"taxonomy":"category","embeddable":true,"href":"https:\/\/ucie.ific.uv.es\/ucie\/wp-json\/wp\/v2\/categories?post=8338"},{"taxonomy":"post_tag","embeddable":true,"href":"https:\/\/ucie.ific.uv.es\/ucie\/wp-json\/wp\/v2\/tags?post=8338"}],"curies":[{"name":"wp","href":"https:\/\/api.w.org\/{rel}","templated":true}]}}