{"id":8754,"date":"2024-11-28T11:54:56","date_gmt":"2024-11-28T11:54:56","guid":{"rendered":"https:\/\/ucie.ific.uv.es\/ucie\/?p=8754"},"modified":"2024-11-28T11:54:56","modified_gmt":"2024-11-28T11:54:56","slug":"valencia-se-convierte-en-referente-europeo-en-inteligencia-artificial-con-el-proyecto-citcom-ai","status":"publish","type":"post","link":"https:\/\/ucie.ific.uv.es\/ucie\/es\/valencia-se-convierte-en-referente-europeo-en-inteligencia-artificial-con-el-proyecto-citcom-ai\/","title":{"rendered":"Val\u00e8ncia se convierte en referente europeo en Inteligencia Artificial con el proyecto Citcom.AI"},"content":{"rendered":"<p><strong>Fuente:<\/strong> <a href=\"https:\/\/actualidadvalencia.com\/valencia-citcom-ai-inteligencia-artificial-proyecto-600000-euros\/\">https:\/\/actualidadvalencia.com\/valencia-citcom-ai-inteligencia-artificial-proyecto-600000-euros\/<\/a><\/p>\n<p>Val\u00e8ncia sigue apostando por la inteligencia artificial gracias a la contrataci\u00f3n por 600.000 euros de una oficina de asistencia t\u00e9cnica para el proyecto Citcom.AI y que promete transformar la forma en que gestionamos las ciudades. La Junta de Gobierno Local del Ayuntamiento ha dado luz verde a este proceso. El proyecto Citcom.AI es el m\u00e1s importante entre los impulsados por la Comisi\u00f3n Europea en cuanto a la aplicaci\u00f3n de Inteligencia Artificial en el \u00e1mbito de las ciudades inteligentes. En dicho proyecto, el Ayuntamiento de Val\u00e8ncia coordina el supernodo sur de Europa.<\/p>\n<p>Paula Llobet, concejala de Turismo, Innovaci\u00f3n y Captaci\u00f3n de Inversiones del Ayuntamiento de Val\u00e8ncia ha asegurado que \u201ccon Citcom.AI, Val\u00e8ncia se pone al frente de la innovaci\u00f3n urbana. Este apoyo t\u00e9cnico nos ayudar\u00e1 a hacer realidad un proyecto que no solo mejorar\u00e1 los servicios municipales, sino que demostrar\u00e1 que somos capaces de liderar la transformaci\u00f3n digital en Europa\u201d.<\/p>\n<p>La concejala ha subrayado el impacto global que se espera de esta iniciativa: \u201cVal\u00e8ncia tiene el potencial para ser una ciudad ejemplo, donde la tecnolog\u00eda se pone al servicio de las personas. Citcom.AI es nuestra carta de presentaci\u00f3n para ser un referente europeo en inteligencia artificial aplicada a las ciudades\u201d.<\/p>\n<p>Este contrato permitir\u00e1 tener una oficina t\u00e9cnica con un perfil de gestor de proyectos y de analista de datos que ayudar\u00e1 a desplegar herramientas de inteligencia artificial en servicios urbanos clave, posicionando a Val\u00e8ncia no solo como referente nacional, sino tambi\u00e9n europeo en innovaci\u00f3n tecnol\u00f3gica.<\/p>\n<p>Hace unas semanas Val\u00e8ncia present\u00f3 en Bruselas los desarrollos en sostenibilidad, gesti\u00f3n de ruido y residuos, \u00e1reas clave en las que la ciudad est\u00e1 trabajando dentro del proyecto. La ciudad no solo est\u00e1 implementando soluciones locales basadas en IA, sino que est\u00e1 sentando las bases para que estas sean replicables en otras ciudades europeas. La participaci\u00f3n de Val\u00e8ncia refuerza su compromiso con la innovaci\u00f3n y su rol como referente en el uso de la Inteligencia Artificial para mejorar la vida urbana.<\/p>\n<p>Este proyecto es un paso esencial para llevar las ideas a la acci\u00f3n. Con la ayuda de expertos, Citcom.AI no solo optimizar\u00e1 la gesti\u00f3n de la ciudad, sino que tambi\u00e9n ser\u00e1 clave para que Val\u00e8ncia destaque en el panorama europeo como un modelo de ciudad inteligente, eficiente y sostenible.<\/p>\n<p>Debido a los terribles efectos de la DANA, todos los socios del supernodo en el proyecto han recibido el encargo del Ayuntamiento de Val\u00e8ncia para desarrollar casos de uso que puedan ayudar en el proceso de recuperaci\u00f3n tras la cat\u00e1strofe.<\/p>\n<p><strong>Un futuro con visi\u00f3n global<\/strong><\/p>\n<p>El \u00e9xito de Citcom.AI va m\u00e1s all\u00e1 de los l\u00edmites de la ciudad. Con soluciones dise\u00f1adas para mejorar la sostenibilidad, la conectividad y la calidad de vida de la ciudadan\u00eda, Val\u00e8ncia se posiciona como un laboratorio de innovaci\u00f3n capaz de exportar ideas y buenas pr\u00e1cticas a otras ciudades de Europa.<\/p>\n<p>Este nuevo paso es parte del compromiso de Val\u00e8ncia con la innovaci\u00f3n, respaldado por un ecosistema tecnol\u00f3gico en crecimiento y una apuesta decidida por atraer talento y generar impacto real en la vida de las personas.<\/p>\n","protected":false},"excerpt":{"rendered":"<p>Fuente: https:\/\/actualidadvalencia.com\/valencia-citcom-ai-inteligencia-artificial-proyecto-600000-euros\/ Val\u00e8ncia sigue apostando por la inteligencia artificial gracias a la contrataci\u00f3n por 600.000 euros de una oficina de asistencia t\u00e9cnica para el proyecto Citcom.AI y que promete transformar [&hellip;]<\/p>\n","protected":false},"author":6,"featured_media":8755,"comment_status":"open","ping_status":"open","sticky":false,"template":"","format":"standard","meta":{"_monsterinsights_skip_tracking":false,"_monsterinsights_sitenote_active":false,"_monsterinsights_sitenote_note":"","_monsterinsights_sitenote_category":0,"footnotes":""},"categories":[42],"tags":[],"acf":[],"_links":{"self":[{"href":"https:\/\/ucie.ific.uv.es\/ucie\/wp-json\/wp\/v2\/posts\/8754"}],"collection":[{"href":"https:\/\/ucie.ific.uv.es\/ucie\/wp-json\/wp\/v2\/posts"}],"about":[{"href":"https:\/\/ucie.ific.uv.es\/ucie\/wp-json\/wp\/v2\/types\/post"}],"author":[{"embeddable":true,"href":"https:\/\/ucie.ific.uv.es\/ucie\/wp-json\/wp\/v2\/users\/6"}],"replies":[{"embeddable":true,"href":"https:\/\/ucie.ific.uv.es\/ucie\/wp-json\/wp\/v2\/comments?post=8754"}],"version-history":[{"count":1,"href":"https:\/\/ucie.ific.uv.es\/ucie\/wp-json\/wp\/v2\/posts\/8754\/revisions"}],"predecessor-version":[{"id":8756,"href":"https:\/\/ucie.ific.uv.es\/ucie\/wp-json\/wp\/v2\/posts\/8754\/revisions\/8756"}],"wp:featuredmedia":[{"embeddable":true,"href":"https:\/\/ucie.ific.uv.es\/ucie\/wp-json\/wp\/v2\/media\/8755"}],"wp:attachment":[{"href":"https:\/\/ucie.ific.uv.es\/ucie\/wp-json\/wp\/v2\/media?parent=8754"}],"wp:term":[{"taxonomy":"category","embeddable":true,"href":"https:\/\/ucie.ific.uv.es\/ucie\/wp-json\/wp\/v2\/categories?post=8754"},{"taxonomy":"post_tag","embeddable":true,"href":"https:\/\/ucie.ific.uv.es\/ucie\/wp-json\/wp\/v2\/tags?post=8754"}],"curies":[{"name":"wp","href":"https:\/\/api.w.org\/{rel}","templated":true}]}}